{"id":151,"date":"2021-10-11T00:08:07","date_gmt":"2021-10-10T22:08:07","guid":{"rendered":"https:\/\/lesnabazalacko.pl\/?p=151"},"modified":"2021-10-11T00:08:08","modified_gmt":"2021-10-10T22:08:08","slug":"wedrowna-wystawa-szesc-malych-muzeow","status":"publish","type":"post","link":"https:\/\/lesnabazalacko.pl\/index.php\/2021\/10\/11\/wedrowna-wystawa-szesc-malych-muzeow\/","title":{"rendered":"W\u0119drowna wystawa: Sze\u015b\u0107 ma\u0142ych muze\u00f3w"},"content":{"rendered":"\n<p>Wsp\u00f3lnie z tw\u00f3rcami i organizatorami sze\u015bciu ma\u0142ych muze\u00f3w z Kujaw i Ziemi Dobrzy\u0144skiej zapraszamy do wystawy prezentuj\u0105cej niezwyk\u0142e, nieoczywiste i nieznane powszechnie muzealia etnograficzne. Wybrane przedmioty i dokumentacje s\u0105 prezentowane po raz pierwszy, podobnie jak przedsi\u0119wzi\u0119cia muzealnicze i izb pami\u0119ci uczestnicz\u0105ce w programie W\u0119drownego Uniwersytetu Etnograficznego 2021.<\/p>\n\n\n\n<p>Wybrane do wystawy muzealia ilustruj\u0105 fragmenty zbior\u00f3w i kolekcji, w cz\u0119\u015bci prezentuj\u0105c profil poszczeg\u00f3lnych dzia\u0142alno\u015bci muzealniczych. R\u00f3wnocze\u015bnie ods\u0142aniaj\u0105c jak fascynuj\u0105cym mo\u017ce by\u0107 odkrywanie, poznawanie, utrwalenie i upowszechnienie wiedzy o kulturze tradycyjnej, pami\u0119ci i sposobach jej podtrzymywania.<\/p>\n\n\n\n<p>Wystawa jest raczej wprowadzeniem do wiedza o rozmaitych, czasem zapomnianych tradycjach i \u017cyciu mieszka\u0144c\u00f3w ma\u0142ych, oddalonych od centr\u00f3w miejscowo\u015bci, \u015brodowisk i spo\u0142eczno\u015bci. Prezentowane muzea i izby pami\u0119ci, nie pozostaj\u0105 wy\u0142\u0105cznie \u201eskarbcami\u201d. To przede wszystkim aktywne, pe\u0142ne pasji i determinacji dzia\u0142ania konkretnych ludzi, kt\u00f3rzy zbieraj\u0105, przechowuj\u0105, utrwalaj\u0105 i przekazuj\u0105 ma\u0142e i wielkie historie, kulturowe dziedzictwo, pami\u0119\u0107 i system warto\u015bci. Zale\u017ca\u0142o nam na pokazaniu niezwyk\u0142ych przedsi\u0119wzi\u0119\u0107, upowszechnieniu wiedzy o istnieniu ma\u0142ych muze\u00f3w i podkre\u015bleniu znacz\u0105cej roli w ma\u0142ych spo\u0142eczno\u015bciach, misji realizowanej poza zgie\u0142kiem codzienno\u015bci.<\/p>\n\n\n\n<p>W\u0119drowna wystawa. Sze\u015b\u0107 ma\u0142ych muze\u00f3w, sk\u0142ada si\u0119 z prezentacji miejsc na r\u00f3\u017cnych etapach realizowania swoich dzia\u0142alno\u015bci. W\u015br\u00f3d uczestnik\u00f3w wystawy znalaz\u0142y si\u0119, maj\u0105ce kilkadziesi\u0105t lat aktywno\u015bci: Izba Pami\u0119ci w Lubie\u0144 Kujawski (dzia\u0142a przy Zespole Plac\u00f3wek O\u015bwiatowych od 1980), tworzone w latach 90. XX wieku Muzeum Szkolne w Kowalu (przy Zespole Szk\u00f3\u0142 Centrum Kszta\u0142cenia Rolniczego im. Kazimierza Wielkiego) oraz Galeria Teatru Impresaryjnego im. W\u0142odzimierza Gniazdowskiego we W\u0142oc\u0142awku, dzia\u0142aj\u0105ca od 2007 ze zmiennymi losami Aleksandrowska Izba Historyczna w Aleksandrowie Kujawskim, jak i powstaj\u0105ce od 2018 roku Archiwum Le\u015bnej Bazy \u0141\u0105cko k\/ Pako\u015bci oraz organizowane od 2020 roku Ma\u0142e Muzeum w Sk\u0119pem.<\/p>\n\n\n\n<p>Wystawa, jak i cz\u0119\u015b\u0107 prezentowanych zbior\u00f3w sze\u015bciu muze\u00f3w dost\u0119pna jest tak\u017ce w wersji cyfrowej, strona: www.szlakikultury.ariari.org, aplikacja mobilna: Symbole Walcz\u0105ce oraz w mediach spo\u0142eczno\u015bciowych: facebook.com\/FundacjaAriAri i facebook.com\/MuzeaSpolecznedzialania.<\/p>\n\n\n\n<p>Opracowanie merytoryczne: Arkadiusz Ciechalski, Bo\u017cena Ciesielska, Andrzej Dominowski, Magdalena G\u0142uszek, Weronika Ko\u017ami\u0144ska, Justyna Marcinkowska, Micha\u0142 Wi\u015bniewski<\/p>\n\n\n\n<p>Opracowanie graficzne i sk\u0142ad: Justyna Marcinkowska<\/p>\n\n\n\n<p>Zdj\u0119cia: Jaros\u0142aw Czerwi\u0144ski, Justyna Marcinkowska, Micha\u0142 Wi\u015bniewski<\/p>\n\n\n\n<p>Redakcja: Fundacja Ari Ari<\/p>\n\n\n\n<p>\u00a9 W\u0119drowny Uniwersytet Etnograficzny<\/p>\n\n\n\n<p>Bydgoszcz 2021<\/p>\n\n\n\n<figure class=\"wp-block-gallery columns-5 wp-block-gallery-1 is-layout-flex wp-block-gallery-is-layout-flex\"><ul class=\"blocks-gallery-grid\"><li class=\"blocks-gallery-item\"><figure><img loading=\"lazy\" decoding=\"async\" width=\"724\" height=\"1024\" src=\"https:\/\/lesnabazalacko.pl\/wp-content\/uploads\/2021\/10\/lesnabazalacko.pl-do-tx2-3-724x1024.jpg\" alt=\"\" data-id=\"148\" data-full-url=\"https:\/\/lesnabazalacko.pl\/wp-content\/uploads\/2021\/10\/lesnabazalacko.pl-do-tx2-3-scaled.jpg\" data-link=\"https:\/\/lesnabazalacko.pl\/do-tx2-3\/\" class=\"wp-image-148\" srcset=\"https:\/\/lesnabazalacko.pl\/wp-content\/uploads\/2021\/10\/lesnabazalacko.pl-do-tx2-3-724x1024.jpg 724w, https:\/\/lesnabazalacko.pl\/wp-content\/uploads\/2021\/10\/lesnabazalacko.pl-do-tx2-3-212x300.jpg 212w, https:\/\/lesnabazalacko.pl\/wp-content\/uploads\/2021\/10\/lesnabazalacko.pl-do-tx2-3-768x1086.jpg 768w, https:\/\/lesnabazalacko.pl\/wp-content\/uploads\/2021\/10\/lesnabazalacko.pl-do-tx2-3-1086x1536.jpg 1086w, https:\/\/lesnabazalacko.pl\/wp-content\/uploads\/2021\/10\/lesnabazalacko.pl-do-tx2-3-1448x2048.jpg 1448w, https:\/\/lesnabazalacko.pl\/wp-content\/uploads\/2021\/10\/lesnabazalacko.pl-do-tx2-3-scaled.jpg 1810w\" sizes=\"auto, (max-width: 724px) 100vw, 724px\" \/><\/figure><\/li><li class=\"blocks-gallery-item\"><figure><img loading=\"lazy\" decoding=\"async\" width=\"724\" height=\"1024\" src=\"https:\/\/lesnabazalacko.pl\/wp-content\/uploads\/2021\/10\/lesnabazalacko.pl-do-tx2-2-724x1024.png\" alt=\"\" data-id=\"147\" data-full-url=\"https:\/\/lesnabazalacko.pl\/wp-content\/uploads\/2021\/10\/lesnabazalacko.pl-do-tx2-2.png\" data-link=\"https:\/\/lesnabazalacko.pl\/do-tx2-2-2\/\" class=\"wp-image-147\" srcset=\"https:\/\/lesnabazalacko.pl\/wp-content\/uploads\/2021\/10\/lesnabazalacko.pl-do-tx2-2-724x1024.png 724w, https:\/\/lesnabazalacko.pl\/wp-content\/uploads\/2021\/10\/lesnabazalacko.pl-do-tx2-2-212x300.png 212w, https:\/\/lesnabazalacko.pl\/wp-content\/uploads\/2021\/10\/lesnabazalacko.pl-do-tx2-2-768x1086.png 768w, https:\/\/lesnabazalacko.pl\/wp-content\/uploads\/2021\/10\/lesnabazalacko.pl-do-tx2-2-1086x1536.png 1086w, https:\/\/lesnabazalacko.pl\/wp-content\/uploads\/2021\/10\/lesnabazalacko.pl-do-tx2-2-1448x2048.png 1448w\" sizes=\"auto, (max-width: 724px) 100vw, 724px\" \/><\/figure><\/li><li class=\"blocks-gallery-item\"><figure><img loading=\"lazy\" decoding=\"async\" width=\"724\" height=\"1024\" src=\"https:\/\/lesnabazalacko.pl\/wp-content\/uploads\/2021\/10\/lesnabazalacko.pl-do-tx2-2-724x1024.jpg\" alt=\"\" data-id=\"146\" data-full-url=\"https:\/\/lesnabazalacko.pl\/wp-content\/uploads\/2021\/10\/lesnabazalacko.pl-do-tx2-2-scaled.jpg\" data-link=\"https:\/\/lesnabazalacko.pl\/do-tx2-2\/\" class=\"wp-image-146\" srcset=\"https:\/\/lesnabazalacko.pl\/wp-content\/uploads\/2021\/10\/lesnabazalacko.pl-do-tx2-2-724x1024.jpg 724w, https:\/\/lesnabazalacko.pl\/wp-content\/uploads\/2021\/10\/lesnabazalacko.pl-do-tx2-2-212x300.jpg 212w, https:\/\/lesnabazalacko.pl\/wp-content\/uploads\/2021\/10\/lesnabazalacko.pl-do-tx2-2-768x1086.jpg 768w, https:\/\/lesnabazalacko.pl\/wp-content\/uploads\/2021\/10\/lesnabazalacko.pl-do-tx2-2-1086x1536.jpg 1086w, https:\/\/lesnabazalacko.pl\/wp-content\/uploads\/2021\/10\/lesnabazalacko.pl-do-tx2-2-1448x2048.jpg 1448w, https:\/\/lesnabazalacko.pl\/wp-content\/uploads\/2021\/10\/lesnabazalacko.pl-do-tx2-2-scaled.jpg 1810w\" sizes=\"auto, (max-width: 724px) 100vw, 724px\" \/><\/figure><\/li><li class=\"blocks-gallery-item\"><figure><img loading=\"lazy\" decoding=\"async\" width=\"724\" height=\"1024\" src=\"https:\/\/lesnabazalacko.pl\/wp-content\/uploads\/2021\/10\/lesnabazalacko.pl-do-tx2-1-724x1024.png\" alt=\"\" data-id=\"145\" data-full-url=\"https:\/\/lesnabazalacko.pl\/wp-content\/uploads\/2021\/10\/lesnabazalacko.pl-do-tx2-1.png\" data-link=\"https:\/\/lesnabazalacko.pl\/do-tx2-1-2\/\" class=\"wp-image-145\" srcset=\"https:\/\/lesnabazalacko.pl\/wp-content\/uploads\/2021\/10\/lesnabazalacko.pl-do-tx2-1-724x1024.png 724w, https:\/\/lesnabazalacko.pl\/wp-content\/uploads\/2021\/10\/lesnabazalacko.pl-do-tx2-1-212x300.png 212w, https:\/\/lesnabazalacko.pl\/wp-content\/uploads\/2021\/10\/lesnabazalacko.pl-do-tx2-1-768x1086.png 768w, https:\/\/lesnabazalacko.pl\/wp-content\/uploads\/2021\/10\/lesnabazalacko.pl-do-tx2-1-1086x1536.png 1086w, https:\/\/lesnabazalacko.pl\/wp-content\/uploads\/2021\/10\/lesnabazalacko.pl-do-tx2-1-1448x2048.png 1448w\" sizes=\"auto, (max-width: 724px) 100vw, 724px\" \/><\/figure><\/li><li class=\"blocks-gallery-item\"><figure><img loading=\"lazy\" decoding=\"async\" width=\"724\" height=\"1024\" src=\"https:\/\/lesnabazalacko.pl\/wp-content\/uploads\/2021\/10\/lesnabazalacko.pl-do-tx2-1-724x1024.jpg\" alt=\"\" data-id=\"144\" data-full-url=\"https:\/\/lesnabazalacko.pl\/wp-content\/uploads\/2021\/10\/lesnabazalacko.pl-do-tx2-1-scaled.jpg\" data-link=\"https:\/\/lesnabazalacko.pl\/do-tx2-1\/\" class=\"wp-image-144\" srcset=\"https:\/\/lesnabazalacko.pl\/wp-content\/uploads\/2021\/10\/lesnabazalacko.pl-do-tx2-1-724x1024.jpg 724w, https:\/\/lesnabazalacko.pl\/wp-content\/uploads\/2021\/10\/lesnabazalacko.pl-do-tx2-1-212x300.jpg 212w, https:\/\/lesnabazalacko.pl\/wp-content\/uploads\/2021\/10\/lesnabazalacko.pl-do-tx2-1-768x1086.jpg 768w, https:\/\/lesnabazalacko.pl\/wp-content\/uploads\/2021\/10\/lesnabazalacko.pl-do-tx2-1-1086x1536.jpg 1086w, https:\/\/lesnabazalacko.pl\/wp-content\/uploads\/2021\/10\/lesnabazalacko.pl-do-tx2-1-1448x2048.jpg 1448w, https:\/\/lesnabazalacko.pl\/wp-content\/uploads\/2021\/10\/lesnabazalacko.pl-do-tx2-1-scaled.jpg 1810w\" sizes=\"auto, (max-width: 724px) 100vw, 724px\" \/><\/figure><\/li><\/ul><\/figure>\n\n\n\n<p class=\"has-small-font-size\">Wystawa powsta\u0142a podczas realizacji projektu Fundacji Ari Ari pt.: W\u0119drowny Uniwersytet Etnograficzny.<\/p>\n\n\n\n<p class=\"has-small-font-size\">Wsp\u00f3\u0142praca w realizacji projektu: Izba Pami\u0119ci w Lubie\u0144 Kujawski, Muzeum Szkolne w Kowalu, Galeria Teatru Impresaryjnego we W\u0142oc\u0142awku, Aleksandrowska Izba Historyczna w Aleksandrowie Kujawskim, Archiwum Le\u015bnej Bazy \u0141\u0105cko k\/ Pako\u015bci, Ma\u0142e Muzeum w Sk\u0119pem, Urz\u0105d Miasta i Gminy Sk\u0119pe, Urz\u0105d Miasta Aleksandr\u00f3w Kujawski, Urz\u0105d Miasta Kowal, Gmina Miasto W\u0142oc\u0142awek, Stowarzyszenie Przyjaci\u00f3\u0142 Harcerstwa i Dzieci Specjalnej Troski w Inowroc\u0142awiu, Miejska Biblioteka Publiczna im. Marii Danilewicz Zieli\u0144skiej w Aleksandrowie Kujawskim, Teatr Impresaryjny im. W\u0142odzimierza Gniazdowskiego we W\u0142oc\u0142awku Stowarzyszenie Historyczno-Poszukiwawcze Gustaw ze Sk\u0119pego, Stowarzyszenia Lapidaria. Zapomniane cmentarze Pomorza i Kujaw, Miejsko-Gminny O\u015brodek Kultury w Sk\u0119pem, Lipnowska Grupa Literacka, Dyskusyjny Klub Filmowy \u201e\u00d3semka\u201d z W\u0142oc\u0142awka, Zesp\u00f3\u0142 ludowy Wierzchos\u0142awiczanki z Wierzchos\u0142awic, Kapela Spod Kowala, Zesp\u00f3\u0142 ludowy \u015ami\u0142owianki ze \u015ami\u0142owic.<\/p>\n\n\n\n<p class=\"has-small-font-size\">Wsp\u00f3\u0142finansowane ze \u015brodk\u00f3w Ministra Kultury, Dziedzictwa Narodowego i Sportu w ramach programu Narodowego Centrum Kultury EtnoPolska 2021.<\/p>\n\n\n\n<figure class=\"wp-block-image size-large\"><img loading=\"lazy\" decoding=\"async\" width=\"1024\" height=\"224\" src=\"https:\/\/lesnabazalacko.pl\/wp-content\/uploads\/2021\/10\/intro-last-1024x224.jpg\" alt=\"\" class=\"wp-image-139\" srcset=\"https:\/\/lesnabazalacko.pl\/wp-content\/uploads\/2021\/10\/intro-last-1024x224.jpg 1024w, https:\/\/lesnabazalacko.pl\/wp-content\/uploads\/2021\/10\/intro-last-300x66.jpg 300w, https:\/\/lesnabazalacko.pl\/wp-content\/uploads\/2021\/10\/intro-last-768x168.jpg 768w, https:\/\/lesnabazalacko.pl\/wp-content\/uploads\/2021\/10\/intro-last-1536x336.jpg 1536w, https:\/\/lesnabazalacko.pl\/wp-content\/uploads\/2021\/10\/intro-last.jpg 1799w\" sizes=\"auto, (max-width: 1024px) 100vw, 1024px\" \/><\/figure>\n","protected":false},"excerpt":{"rendered":"<p>Wsp\u00f3lnie z tw\u00f3rcami i organizatorami sze\u015bciu ma\u0142ych muze\u00f3w z Kujaw i Ziemi Dobrzy\u0144skiej zapraszamy do wystawy prezentuj\u0105cej niezwyk\u0142e, nieoczywiste i nieznane powszechnie muzealia etnograficzne. Wybrane przedmioty i dokumentacje s\u0105 prezentowane po raz pierwszy, podobnie jak przedsi\u0119wzi\u0119cia muzealnicze i izb pami\u0119ci uczestnicz\u0105ce w programie W\u0119drownego Uniwersytetu Etnograficznego 2021. Wybrane do wystawy muzealia ilustruj\u0105 fragmenty zbior\u00f3w i&hellip;&nbsp;<a href=\"https:\/\/lesnabazalacko.pl\/index.php\/2021\/10\/11\/wedrowna-wystawa-szesc-malych-muzeow\/\" rel=\"bookmark\">Dowiedz si\u0119 wi\u0119cej &raquo;<span class=\"screen-reader-text\">W\u0119drowna wystawa: Sze\u015b\u0107 ma\u0142ych muze\u00f3w<\/span><\/a><\/p>\n","protected":false},"author":1,"featured_media":138,"comment_status":"closed","ping_status":"open","sticky":false,"template":"","format":"standard","meta":{"neve_meta_sidebar":"","neve_meta_container":"","neve_meta_enable_content_width":"","neve_meta_content_width":0,"neve_meta_title_alignment":"","neve_meta_author_avatar":"","neve_post_elements_order":"","neve_meta_disable_header":"","neve_meta_disable_footer":"","neve_meta_disable_title":"","footnotes":""},"categories":[1],"tags":[],"class_list":["post-151","post","type-post","status-publish","format-standard","has-post-thumbnail","hentry","category-bez-kategorii"],"_links":{"self":[{"href":"https:\/\/lesnabazalacko.pl\/index.php\/wp-json\/wp\/v2\/posts\/151","targetHints":{"allow":["GET"]}}],"collection":[{"href":"https:\/\/lesnabazalacko.pl\/index.php\/wp-json\/wp\/v2\/posts"}],"about":[{"href":"https:\/\/lesnabazalacko.pl\/index.php\/wp-json\/wp\/v2\/types\/post"}],"author":[{"embeddable":true,"href":"https:\/\/lesnabazalacko.pl\/index.php\/wp-json\/wp\/v2\/users\/1"}],"replies":[{"embeddable":true,"href":"https:\/\/lesnabazalacko.pl\/index.php\/wp-json\/wp\/v2\/comments?post=151"}],"version-history":[{"count":1,"href":"https:\/\/lesnabazalacko.pl\/index.php\/wp-json\/wp\/v2\/posts\/151\/revisions"}],"predecessor-version":[{"id":152,"href":"https:\/\/lesnabazalacko.pl\/index.php\/wp-json\/wp\/v2\/posts\/151\/revisions\/152"}],"wp:featuredmedia":[{"embeddable":true,"href":"https:\/\/lesnabazalacko.pl\/index.php\/wp-json\/wp\/v2\/media\/138"}],"wp:attachment":[{"href":"https:\/\/lesnabazalacko.pl\/index.php\/wp-json\/wp\/v2\/media?parent=151"}],"wp:term":[{"taxonomy":"category","embeddable":true,"href":"https:\/\/lesnabazalacko.pl\/index.php\/wp-json\/wp\/v2\/categories?post=151"},{"taxonomy":"post_tag","embeddable":true,"href":"https:\/\/lesnabazalacko.pl\/index.php\/wp-json\/wp\/v2\/tags?post=151"}],"curies":[{"name":"wp","href":"https:\/\/api.w.org\/{rel}","templated":true}]}}